{"id":32,"date":"2021-02-23T19:49:59","date_gmt":"2021-02-23T18:49:59","guid":{"rendered":"http:\/\/devallonsencollines.fr\/?p=32"},"modified":"2021-02-23T19:49:59","modified_gmt":"2021-02-23T18:49:59","slug":"presentation-de-lauteur","status":"publish","type":"post","link":"https:\/\/devallonsencollines.fr\/?p=32","title":{"rendered":"Pr\u00e9sentation de l&#039;auteur"},"content":{"rendered":"\n<figure class=\"wp-block-image size-large\"><img decoding=\"async\" src=\"http:\/\/devallonsencollines.fr\/wp-content\/uploads\/2021\/02\/Image-Joel.png\" alt=\"\" class=\"wp-image-33\"\/><\/figure>\n\n\n<p>Cr\u00e9dit photo&nbsp;: David Daguier-CD50<\/p>\n\n\n<p><strong>Jo\u00ebl CARPIER<\/strong> n\u00e9 en 1950 dans les yvelines. CAP de serrurier en poche il entre en 1972 \u00e0 la RATP. Tr\u00e8s vite il adh\u00e8re \u00e0 la CGT o\u00f9 il va repr\u00e9senter ses coll\u00e8gues de travail dans les instances du personnel et devenir un des principaux dirigeants de son syndicat. Il va poursuivre son engagement&nbsp; comme Conseiller Municipal d\u2019opposition, \u00e9lu communiste de 1983 \u00e0 1992 dans sa commune de Port-Marly (78). En 1993, il sera fait Chevalier de l\u2019Ordre National du M\u00e9rite. Ill va s\u2019impliquer d\u00e8s les ann\u00e9es 1998 au Secours Populaire Fran\u00e7ais comme Pr\u00e9sident du Comit\u00e9 de la RATP, &nbsp;il va participer au Secr\u00e9tariat de la F\u00e9d\u00e9ration de Paris du SPF, puis sera \u00e9lu au Congr\u00e8s de Nantes en 2009 membre du Conseil d\u2019administration National&nbsp; qu\u2019il quittera en 2019 pour se consacrer enti\u00e8rement \u00e0 son poste de Secr\u00e9taire G\u00e9n\u00e9ral de la F\u00e9d\u00e9ration de La Manche, poste qu\u2019il occupe depuis mai 2014..<\/p>\n\n\n<p>Dans ce livre, il raconte sa rencontre et son amiti\u00e9 avec Jean Ferrat, il \u00e9voque l\u2019exposition Jean&nbsp; des Encres, Jean des Sources qu\u2019il a g\u00e9r\u00e9e pendant 7 ann\u00e9es \u00e0 la demande de l\u2019artiste lui-m\u00eame. Il se d\u00e9voile un peu sur son enfance, ses engagements, les valeurs qui l\u2019animent, ses profondes amiti\u00e9s. <\/p>\n\n\n<p>Sa devise pr\u00e9f\u00e9r\u00e9e, adapt\u00e9e d&rsquo;une citation emprunt\u00e9e \u00e0 Voltaire le r\u00e9sume assez bien : <strong>C&rsquo;est n&rsquo;\u00eatre bon \u00e0 rien que de n\u2019\u00eatre bon qu\u2019\u00e0 soi.<\/strong><\/p>\n","protected":false},"excerpt":{"rendered":"<p>Cr\u00e9dit photo&nbsp;: David Daguier-CD50 Jo\u00ebl CARPIER n\u00e9 en 1950 dans les yvelines. CAP de serrurier en poche il entre en 1972 \u00e0 la RATP. Tr\u00e8s vite il adh\u00e8re \u00e0 la CGT o\u00f9 il va repr\u00e9senter ses coll\u00e8gues de travail dans les instances du personnel et devenir un des principaux dirigeants de son syndicat. Il va &hellip; <\/p>\n<p class=\"link-more\"><a href=\"https:\/\/devallonsencollines.fr\/?p=32\" class=\"more-link\">Continuer la lecture<span class=\"screen-reader-text\"> de &laquo;&nbsp;Pr\u00e9sentation de l&#039;auteur&nbsp;&raquo;<\/span><\/a><\/p>\n","protected":false},"author":1,"featured_media":0,"comment_status":"open","ping_status":"open","sticky":false,"template":"","format":"standard","meta":{"footnotes":""},"categories":[16],"tags":[],"class_list":["post-32","post","type-post","status-publish","format-standard","hentry","category-non-classe"],"_links":{"self":[{"href":"https:\/\/devallonsencollines.fr\/index.php?rest_route=\/wp\/v2\/posts\/32","targetHints":{"allow":["GET"]}}],"collection":[{"href":"https:\/\/devallonsencollines.fr\/index.php?rest_route=\/wp\/v2\/posts"}],"about":[{"href":"https:\/\/devallonsencollines.fr\/index.php?rest_route=\/wp\/v2\/types\/post"}],"author":[{"embeddable":true,"href":"https:\/\/devallonsencollines.fr\/index.php?rest_route=\/wp\/v2\/users\/1"}],"replies":[{"embeddable":true,"href":"https:\/\/devallonsencollines.fr\/index.php?rest_route=%2Fwp%2Fv2%2Fcomments&post=32"}],"version-history":[{"count":0,"href":"https:\/\/devallonsencollines.fr\/index.php?rest_route=\/wp\/v2\/posts\/32\/revisions"}],"wp:attachment":[{"href":"https:\/\/devallonsencollines.fr\/index.php?rest_route=%2Fwp%2Fv2%2Fmedia&parent=32"}],"wp:term":[{"taxonomy":"category","embeddable":true,"href":"https:\/\/devallonsencollines.fr\/index.php?rest_route=%2Fwp%2Fv2%2Fcategories&post=32"},{"taxonomy":"post_tag","embeddable":true,"href":"https:\/\/devallonsencollines.fr\/index.php?rest_route=%2Fwp%2Fv2%2Ftags&post=32"}],"curies":[{"name":"wp","href":"https:\/\/api.w.org\/{rel}","templated":true}]}}